{"id":7960,"date":"2023-03-03T08:42:12","date_gmt":"2023-03-03T08:42:12","guid":{"rendered":"http:\/\/funk45.com\/mi-a-zene-refrenje\/"},"modified":"2023-03-03T08:42:12","modified_gmt":"2023-03-03T08:42:12","slug":"mi-a-zene-refrenje","status":"publish","type":"post","link":"https:\/\/funk45.com\/hu\/mi-a-zene-refrenje\/","title":{"rendered":"Mi a refr\u00e9n a zen\u00e9ben? Defin\u00edci\u00f3 \u00e9s p\u00e9ld\u00e1k"},"content":{"rendered":"\n\n\n<div class=\"td-post-content\">\n<div id=\"ez-toc-container\" class=\"ez-toc-v2_0_45_2 counter-hierarchy ez-toc-counter ez-toc-grey ez-toc-container-direction\">\n<div class=\"ez-toc-title-container\">\n<p class=\"ez-toc-title\"><font style=\"vertical-align: inherit;\"><font style=\"vertical-align: inherit;\">Tartalomjegyz\u00e9k<\/font><\/font><\/p>\n<p> <span class=\"ez-toc-title-toggle\"><a href=\"https:\/\/funk45-com.translate.goog\/what-is-a-refrain-in-music\/?_x_tr_sl=en&amp;_x_tr_tl=hu&amp;_x_tr_hl=en-US&amp;_x_tr_pto=wapp#\" class=\"ez-toc-pull-right ez-toc-btn ez-toc-btn-xs ez-toc-btn-default ez-toc-toggle\" aria-label=\"ez-toc-toggle-icon-1\"><label for=\"item-64007584a96ac\" aria-label=\"Tartalomjegyz\u00e9k\"><span style=\"display: flex;align-items: center;width: 35px;height: 30px;justify-content: center;direction:ltr;\">                <svg style=\"fill: #999;color:#999\" xmlns=\"http:\/\/www.w3.org\/2000\/svg\" class=\"list-377408\" width=\"20px\" height=\"20px\" viewbox=\"0 0 24 24\" fill=\"none\">                 <path d=\"M6 6H4v2h2V6zm14 0H8v2h12V6zM4 11h2v2H4v-2zm16 0H8v2h12v-2zM4 16h2v2H4v-2zm16 0H8v2h12v-2z\" fill=\"currentColor\"><\/path>                <\/svg>                <svg style=\"fill: #999;color:#999\" class=\"arrow-unsorted-368013\" xmlns=\"http:\/\/www.w3.org\/2000\/svg\" width=\"10px\" height=\"10px\" viewbox=\"0 0 24 24\" version=\"1.2\" baseprofile=\"tiny\">                 <path d=\"M18.2 9.3l-6.2-6.3-6.2 6.3c-.2.2-.3.4-.3.7s.1.5.3.7c.2.2.4.3.7.3h11c.3 0 .5-.1.7-.3.2-.2.3-.5.3-.7s-.1-.5-.3-.7zM5.8 14.7l6.2 6.3 6.2-6.3c.2-.2.3-.5.3-.7s-.1-.5-.3-.7c-.2-.2-.4-.3-.7-.3h-11c-.3 0-.5.1-.7.3-.2.2-.3.5-.3.7s.1.5.3.7z\"><\/path>                <\/svg><\/span><\/label><input type=\"checkbox\" id=\"item-64007584a96ac\"><\/a><\/span>           <\/div>\n<nav>\n<ul class=\"ez-toc-list ez-toc-list-level-1 eztoc-visibility-hide-by-default\" style=\"display: none;\">\n<li class=\"ez-toc-page-1 ez-toc-heading-level-4\"><a class=\"ez-toc-link ez-toc-heading-1\" href=\"https:\/\/funk45-com.translate.goog\/what-is-a-refrain-in-music\/?_x_tr_sl=en&amp;_x_tr_tl=hu&amp;_x_tr_hl=en-US&amp;_x_tr_pto=wapp#How_do_we_define_a_refrain_in_music\" title=\"How do we define a \u201crefrain\u201d in music?\">How do we define a \u201crefrain\u201d in music?<\/a><\/li>\n<li class=\"ez-toc-page-1 ez-toc-heading-level-4\"><a class=\"ez-toc-link ez-toc-heading-2\" href=\"https:\/\/funk45-com.translate.goog\/what-is-a-refrain-in-music\/?_x_tr_sl=en&amp;_x_tr_tl=hu&amp;_x_tr_hl=en-US&amp;_x_tr_pto=wapp#What_is_a_Chorus\" title=\"What is a Chorus?\">What is a Chorus?<\/a><\/li>\n<li class=\"ez-toc-page-1 ez-toc-heading-level-4\"><a class=\"ez-toc-link ez-toc-heading-3\" href=\"https:\/\/funk45-com.translate.goog\/what-is-a-refrain-in-music\/?_x_tr_sl=en&amp;_x_tr_tl=hu&amp;_x_tr_hl=en-US&amp;_x_tr_pto=wapp#What_is_the_difference_between_a_refrain_and_a_chorus\" title=\"What is the difference between a refrain and a chorus?\">What is the difference between a refrain and a chorus?<\/a><\/li>\n<li class=\"ez-toc-page-1 ez-toc-heading-level-4\"><a class=\"ez-toc-link ez-toc-heading-4\" href=\"https:\/\/funk45-com.translate.goog\/what-is-a-refrain-in-music\/?_x_tr_sl=en&amp;_x_tr_tl=hu&amp;_x_tr_hl=en-US&amp;_x_tr_pto=wapp#How_does_the_refrain_work_in_popular_music_genres\" title=\"How does the refrain work in popular music genres?\">How does the refrain work in popular music genres?<\/a>\n<ul class=\"ez-toc-list-level-5\">\n<li class=\"ez-toc-heading-level-5\"><a class=\"ez-toc-link ez-toc-heading-5\" href=\"https:\/\/funk45-com.translate.goog\/what-is-a-refrain-in-music\/?_x_tr_sl=en&amp;_x_tr_tl=hu&amp;_x_tr_hl=en-US&amp;_x_tr_pto=wapp#What_is_the_choric-refrains_role_in_jazz\" title=\"What is the choric-refrain\u2019s role in jazz?\">What is the choric-refrain\u2019s role in jazz?<\/a><\/li>\n<li class=\"ez-toc-page-1 ez-toc-heading-level-5\"><a class=\"ez-toc-link ez-toc-heading-6\" href=\"https:\/\/funk45-com.translate.goog\/what-is-a-refrain-in-music\/?_x_tr_sl=en&amp;_x_tr_tl=hu&amp;_x_tr_hl=en-US&amp;_x_tr_pto=wapp#What_is_an_Arrangers_Chorus\" title=\"What is an Arranger\u2019s Chorus?\">What is an Arranger\u2019s Chorus?<\/a><\/li>\n<li class=\"ez-toc-page-1 ez-toc-heading-level-5\"><a class=\"ez-toc-link ez-toc-heading-7\" href=\"https:\/\/funk45-com.translate.goog\/what-is-a-refrain-in-music\/?_x_tr_sl=en&amp;_x_tr_tl=hu&amp;_x_tr_hl=en-US&amp;_x_tr_pto=wapp#Whats_a_Shout_Chorus\" title=\"What\u2019s a Shout Chorus?\">What\u2019s a Shout Chorus?<\/a><\/li>\n<\/ul>\n<\/li>\n<\/ul>\n<\/nav><\/div>\n<p><font style=\"vertical-align: inherit;\"><font style=\"vertical-align: inherit;\">Amikor zen\u00e9t tanulsz, mag\u00e1t\u00f3l \u00e9rtet\u0151d\u0151, hogy sz\u00e1mtalan kifejez\u00e9sen \u00e9s azok defin\u00edci\u00f3j\u00e1n kell kereszt\u00fclmenned, m\u00e9g ahhoz is, hogy egy dallam t\u00f6red\u00e9k\u00e9t meg\u00e9rtsd.<\/font><\/font><\/p>\n<p><font style=\"vertical-align: inherit;\"><font style=\"vertical-align: inherit;\">\u00c9s b\u00e1r vannak bizonyos l\u00e9nyegesen l\u00e9tfontoss\u00e1g\u00fa dolgok, amelyek a zenealkot\u00e1s folyamat\u00e1ban j\u00e1tsz\u00f3dnak, ezek meg\u00e9rt\u00e9se nem biztos, hogy olyan egyszer\u0171.<\/font><\/font><\/p>\n<p><font style=\"vertical-align: inherit;\"><font style=\"vertical-align: inherit;\">Az egyik ilyen hat\u00e1rozott kifejez\u00e9s a \u201erefr\u00e9n\u201d, amely alapvet\u0151en egy adott sor vagy str\u00f3fa \u201eism\u00e9tl\u00e9seire\u201d utal, amelyek egy dalban megjelennek. <\/font><font style=\"vertical-align: inherit;\">De a dal refr\u00e9nje is nagyj\u00e1b\u00f3l megegyezik a \u201ek\u00f3russal\u201d, amely a kompoz\u00edci\u00f3 egyik l\u00e9nyeges r\u00e9sze. <\/font><font style=\"vertical-align: inherit;\">Emellett mindig lesz egy bizonyos m\u00e9rt\u00e9k\u0171 z\u0171rzavar, mivel a refr\u00e9nek a zen\u00e9ben \u00e9s a k\u00f6lt\u00e9szetben egyar\u00e1nt el\u0151fordulnak.<\/font><\/font><\/p>\n<p><font style=\"vertical-align: inherit;\"><font style=\"vertical-align: inherit;\">Teh\u00e1t, amit itt tett\u00fcnk, az az, hogy megpr\u00f3b\u00e1ljuk elmagyar\u00e1zni, mit is jelent pontosan a refr\u00e9n a zen\u00e9ben. <\/font><font style=\"vertical-align: inherit;\">Ha pedig t\u00f6bbet szeretne megtudni a t\u00e9m\u00e1r\u00f3l, akkor mindenk\u00e9ppen tartsa ki az olvas\u00e1s v\u00e9g\u00e9ig.<\/font><\/font><\/p>\n<h4><span class=\"ez-toc-section\" id=\"Hogyan_definialjuk_a_%E2%80%9Erefrent%E2%80%9D_a_zeneben\"><\/span><span class=\"ez-toc-section\" id=\"How_do_we_define_a_refrain_in_music\" ez-toc-data-id=\"#How_do_we_define_a_refrain_in_music\"><\/span><strong><font style=\"vertical-align: inherit;\"><font style=\"vertical-align: inherit;\">Hogyan defini\u00e1ljuk a \u201erefr\u00e9nt\u201d a zen\u00e9ben?<\/font><\/font><\/strong><span class=\"ez-toc-section-end\"><\/span><span class=\"ez-toc-section-end\"><\/span><\/h4>\n<p><font style=\"vertical-align: inherit;\"><font style=\"vertical-align: inherit;\">A refr\u00e9nt \u00e1ltal\u00e1ban egy sor vagy t\u00f6bb sork\u00e9nt hat\u00e1rozz\u00e1k meg, amelyek meghat\u00e1rozott sz\u00e1m\u00fa alkalommal ism\u00e9tl\u0151dnek a k\u00f6lt\u00e9szetben vagy a zen\u00e9ben. <\/font><font style=\"vertical-align: inherit;\">N\u00e9h\u00e1ny okb\u00f3l felcser\u00e9lhet\u0151 a \u201ek\u00f3rus\u201d kifejez\u00e9ssel is, amelyeket az \u00fatmutat\u00f3 sor\u00e1n megpr\u00f3b\u00e1lunk elmagyar\u00e1zni.<\/font><\/font><\/p>\n<p><font style=\"vertical-align: inherit;\"><font style=\"vertical-align: inherit;\">Vannak azonban bizonyos k\u00fcl\u00f6nbs\u00e9gek e kifejez\u00e9sek k\u00f6z\u00f6tt, amelyek miatt nem nevezhetj\u00fck \u0151ket egy \u00e9s ugyanaznak.<\/font><\/font><\/p>\n<p><font style=\"vertical-align: inherit;\"><font style=\"vertical-align: inherit;\">A n\u00e9pszer\u0171 zenei m\u0171fajokban a refr\u00e9nr\u0151l elmondhat\u00f3, hogy ritmikailag, harmonikusan \u00e9s dallamilag ellent\u00e9tes \u00e9s \u00fctk\u00f6zik a \u201everssel\u201d. <\/font><font style=\"vertical-align: inherit;\">A vers vagy versk\u00f3rus egy n\u00e9pszer\u0171 zenei forma, amelyet az 50-es \u00e9vek \u00f3ta sz\u00e9les k\u00f6rben haszn\u00e1lnak olyan h\u00edres m\u0171fajokban, mint a \u201erock and roll\u201d \u00e9s a \u201eblues\u201d.<\/font><\/font><\/p>\n<p><font style=\"vertical-align: inherit;\"><font style=\"vertical-align: inherit;\">\u00cdgy egy k\u00f3rus nagyobb fontoss\u00e1got vagy \u201edinamik\u00e1t\u201d \u00e9s tev\u00e9kenys\u00e9get kaphat, amelyet gyakran hangszerel\u00e9ssel egyeztetnek.<\/font><\/font><\/p>\n<h4><span class=\"ez-toc-section\" id=\"Mi_az_a_korus\"><\/span><span class=\"ez-toc-section\" id=\"What_is_a_Chorus\" ez-toc-data-id=\"#What_is_a_Chorus\"><\/span><strong><font style=\"vertical-align: inherit;\"><font style=\"vertical-align: inherit;\">Mi az a k\u00f3rus?<\/font><\/font><\/strong><span class=\"ez-toc-section-end\"><\/span><span class=\"ez-toc-section-end\"><\/span><\/h4>\n<p><font style=\"vertical-align: inherit;\"><font style=\"vertical-align: inherit;\">A \u201ek\u00f3rus\u201d m\u00e1s n\u00e9ven \u201e <\/font><\/font><a href=\"https:\/\/en.wikipedia.org\/wiki\/Strophic_form\"><font style=\"vertical-align: inherit;\"><font style=\"vertical-align: inherit;\">sztrofikus forma<\/font><\/font><\/a><font style=\"vertical-align: inherit;\"><font style=\"vertical-align: inherit;\"> \u201d. <\/font><font style=\"vertical-align: inherit;\">Val\u00f3j\u00e1ban AAA dalform\u00e1nak vagy egysz\u00f3lam\u00fa dalform\u00e1nak is h\u00edvj\u00e1k. <\/font><font style=\"vertical-align: inherit;\">Ez alapvet\u0151en egy hat\u00e1rozott szerkezet a dalban, ahol a dalsz\u00f6veg minden str\u00f3f\u00e1ja vagy versszaka ugyanarra a zen\u00e9re sz\u00f3l.<\/font><\/font><\/p>\n<p><font style=\"vertical-align: inherit;\"><font style=\"vertical-align: inherit;\">A strofikus forma egy zenem\u0171 szerkezet\u00e9nek kieg\u00e9sz\u00edt\u00e9se \u00e9s\/vagy metszeti eleme. <\/font><font style=\"vertical-align: inherit;\">\u00c9s ez egy form\u00e1lis blokk vagy szakasz ism\u00e9tl\u0151d\u00e9s\u00e9t\u0151l f\u00fcgg, amelyet \u00fajra \u00e9s \u00fajra lej\u00e1tszanak. <\/font><font style=\"vertical-align: inherit;\">Ezzel szemben a strofikus forma ellent\u00e9te \u201e\u00e1t-kompon\u00e1lt\u201d n\u00e9ven ismert, \u00e9s minden str\u00f3f\u00e1hoz megkompon\u00e1lt \u00faj zen\u00e9kb\u0151l \u00e1ll.<\/font><\/font><\/p>\n<h4><span class=\"ez-toc-section\" id=\"Mi_a_kulonbseg_a_refren_es_a_refren_kozott\"><\/span><span class=\"ez-toc-section\" id=\"What_is_the_difference_between_a_refrain_and_a_chorus\" ez-toc-data-id=\"#What_is_the_difference_between_a_refrain_and_a_chorus\"><\/span><strong><font style=\"vertical-align: inherit;\"><font style=\"vertical-align: inherit;\">Mi a k\u00fcl\u00f6nbs\u00e9g a refr\u00e9n \u00e9s a refr\u00e9n k\u00f6z\u00f6tt?<\/font><\/font><\/strong><span class=\"ez-toc-section-end\"><\/span><span class=\"ez-toc-section-end\"><\/span><\/h4>\n<p><font style=\"vertical-align: inherit;\"><font style=\"vertical-align: inherit;\">Nos, az a dolog, ami megnehez\u00edti a refr\u00e9n \u00e9s a refr\u00e9n k\u00f6z\u00f6tti hasonl\u00f3s\u00e1g meg\u00e9rt\u00e9s\u00e9t, az az, hogy felcser\u00e9lhet\u0151en haszn\u00e1lj\u00e1k \u0151ket. <\/font><font style=\"vertical-align: inherit;\">Val\u00f3j\u00e1ban mindkett\u0151 egy adott kompoz\u00edci\u00f3 b\u00e1rmely szakasz\u00e1ra utal. <\/font><font style=\"vertical-align: inherit;\">A refr\u00e9nt technikailag tal\u00e1n b\u00e1rminek tekintj\u00fck, ami nem vers.<\/font><\/font><\/p>\n<p><font style=\"vertical-align: inherit;\"><font style=\"vertical-align: inherit;\">\u00c9s a dalnak azt a r\u00e9sz\u00e9t, amely tartalmazza a c\u00edmet vagy a \u201ehorgot\u201d, amely egyn\u00e9l t\u00f6bbsz\u00f6r is megjelenik egy dalban, \u00e1ltal\u00e1ban \u201ek\u00f3rus\u201d n\u00e9ven ismert. <\/font><font style=\"vertical-align: inherit;\">A refr\u00e9n els\u0151sorban a vershez k\u00e9pest jelent\u0151sebb zenei \u00e9s \u00e9rzelmi intenzit\u00e1s\u00fa.<\/font><\/font><\/p>\n<p><font style=\"vertical-align: inherit;\"><font style=\"vertical-align: inherit;\">A refr\u00e9n alapvet\u0151en egy ism\u00e9tl\u0151d\u0151 zenei kifejez\u00e9s vagy sor, amely hat\u00e1rozott kezdetet \u00e9s v\u00e9g\u00e9t hoz l\u00e9tre egy dalnak, \u00e9s egy kompoz\u00edci\u00f3ba k\u00f6ti \u0151ket. <\/font><font style=\"vertical-align: inherit;\">M\u00e1sr\u00e9szt egy refr\u00e9n \u00e1ltal\u00e1ban a dal k\u00f6zponti gondolat\u00e1t tartalmazza, arra \u00f6sszpontos\u00edtva, amit zeneileg \u00e9s sz\u00f6vegesen kifejeznek.<\/font><\/font><\/p>\n<p><font style=\"vertical-align: inherit;\"><font style=\"vertical-align: inherit;\">Ezenk\u00edv\u00fcl a refr\u00e9n csak egy adott kifejez\u00e9s vagy sz\u00f3, m\u00edg a refr\u00e9n \u00e1ltal\u00e1ban szavakb\u00f3l \u00e1ll.<\/font><\/font><\/p>\n<p><font style=\"vertical-align: inherit;\"><font style=\"vertical-align: inherit;\">A refr\u00e9n, mivel ism\u00e9tl\u0151d\u0151 fr\u00e1zis vagy sok fr\u00e1zis, n\u00e9mileg k\u00f3rusk\u00e9nt viselkedik, \u00e9s majdnem ugyanazt a c\u00e9lt szolg\u00e1lja. <\/font><font style=\"vertical-align: inherit;\">De nincs k\u00fcl\u00f6n szakaszban, s\u0151t el\u00e9g hossz\u00fa ahhoz, hogy val\u00f3di k\u00f3rus legyen.<\/font><\/font><\/p>\n<p><font style=\"vertical-align: inherit;\"><font style=\"vertical-align: inherit;\">P\u00e9ld\u00e1ul el\u0151fordulhat refr\u00e9n olyan dalokban, mint a The Beatles \u201eShe Loves You\u201d (\u201eyeah, yeah, yeah\u201d), az AC\/DC \u201eYou Shook Me All Night Long\u201d c\u00edm\u0171 dal\u00e1ban \u00e9s a \u201eLondon Bridge Is Falling\u201d gyerekvers. Le.&#8221;<\/font><\/font><\/p>\n<p><font style=\"vertical-align: inherit;\"><font style=\"vertical-align: inherit;\">Teh\u00e1t m\u00e1ra vil\u00e1gosnak kell lennie sz\u00e1modra, hogy minden refr\u00e9n refr\u00e9n, de helytelen azt mondani, hogy minden refr\u00e9n refr\u00e9n. <\/font><font style=\"vertical-align: inherit;\">A refr\u00e9n mindig kifejezetten egy kompoz\u00edci\u00f3 sz\u00f6veg\u00e9re vonatkozik. <\/font><font style=\"vertical-align: inherit;\">\u00c9s ezeket a szavakat mindig m\u00e1s dallamban, azaz m\u00e1s hangjegyekkel lehetett \u00e9nekelni.<\/font><\/font><\/p>\n<p><font style=\"vertical-align: inherit;\"><font style=\"vertical-align: inherit;\">De egy refr\u00e9n, b\u00e1r nagyon refr\u00e9nnek t\u0171nik, megism\u00e9tli mind a hangjegyeket, mind a dalsz\u00f6veget. <\/font><font style=\"vertical-align: inherit;\">Ez egy finom, m\u00e9gis a kett\u0151 k\u00f6z\u00f6tti k\u00fcl\u00f6nbs\u00e9g f\u0151 pontja, amelyet k\u00f6nny\u0171 kihagyni; <\/font><font style=\"vertical-align: inherit;\">\u00e9s akkor a v\u00e9g\u00e9n \u00f6sszezavarodhat a term\u00e9szet\u00fcket illet\u0151en.<\/font><\/font><\/p>\n<h4><span class=\"ez-toc-section\" id=\"Hogyan_mukodik_a_refren_a_popularis_zenei_mufajokban\"><\/span><span class=\"ez-toc-section\" id=\"How_does_the_refrain_work_in_popular_music_genres\" ez-toc-data-id=\"#How_does_the_refrain_work_in_popular_music_genres\"><\/span><strong><font style=\"vertical-align: inherit;\"><font style=\"vertical-align: inherit;\">Hogyan m\u0171k\u00f6dik a refr\u00e9n a popul\u00e1ris zenei m\u0171fajokban?<\/font><\/font><\/strong><span class=\"ez-toc-section-end\"><\/span><span class=\"ez-toc-section-end\"><\/span><\/h4>\n<p><font style=\"vertical-align: inherit;\"><font style=\"vertical-align: inherit;\">A \u201ek\u00f3rikus\u201d refr\u00e9n k\u00e9tf\u00e9lek\u00e9ppen m\u0171k\u00f6dik, ha a modern, popul\u00e1ris zen\u00e9r\u0151l van sz\u00f3. <\/font><font style=\"vertical-align: inherit;\">Ennek a r\u00e9sznek a meg\u00e9rt\u00e9s\u00e9hez azonban tudnod kell egy kicsit az evol\u00faci\u00f3s t\u00f6rt\u00e9net\u00e9r\u0151l.<\/font><\/font><\/p>\n<p><font style=\"vertical-align: inherit;\"><font style=\"vertical-align: inherit;\">Aki tanul a zeneszerz\u00e9sr\u0151l, az biztosan ismeri a \u201eharminck\u00e9t taktus\u00fa dalform\u00e1t\u201d, amely a 20. sz\u00e1zad kezdeti \u00e9veiben a leggyakoribb zenei forma volt. <\/font><font style=\"vertical-align: inherit;\">Ez a zenei forma pedig a \u201ek\u00f3rust\u201d hat\u00e1rozza meg, mint a dal els\u0151dleges szakasz\u00e1t, amelyet 32 \u200b\u200b\u00fctemes AABA form\u00e1ban alkotnak. <\/font><font style=\"vertical-align: inherit;\">Ez volt az egyik m\u00f3dja annak, hogy a refr\u00e9n m\u0171k\u00f6dj\u00f6n r\u00e9gebbi zen\u00e9k eset\u00e9ben.<\/font><\/font><\/p>\n<p><font style=\"vertical-align: inherit;\"><font style=\"vertical-align: inherit;\">Amikor a rockzene az 1950-es \u00e9vekben \u00e9reztette jelenl\u00e9t\u00e9t, v\u00e9g\u00fcl egy m\u00e1sik form\u00e1t kezdtek \u00e1ltal\u00e1nosan haszn\u00e1lni a popzene m\u0171faj\u00e1ban. <\/font><font style=\"vertical-align: inherit;\">Ez egy nyitott v\u00e9g\u0171 ritmikus verscikluson alapult, nem pedig a szok\u00e1sos \u00e9s r\u00f6gz\u00edtett 32 \u00fctemes form\u00e1n.<\/font><\/font><\/p>\n<p><font style=\"vertical-align: inherit;\"><font style=\"vertical-align: inherit;\">Ilyen form\u00e1ban a r\u00f6gz\u00edtett dalsz\u00f6veg\u0171 \u201ek\u00f3rusok\u201d alternat\u00edvak\u00e9nt \u201eversekkel\u201d sz\u00f6v\u0151dnek, amelyeknek minden ism\u00e9tl\u00e9sn\u00e9l m\u00e1s sz\u00f6veg\u00fck volt. <\/font><font style=\"vertical-align: inherit;\">Ebben a szerkezetben a k\u00f3rus ellent\u00e9tben \u00e1ll a verssel, amely \u00e1ltal\u00e1ban \u00fagy \u00e9rzi, hogy v\u00e9g\u00fcl egy k\u00f3russal z\u00e1rul. <\/font><font style=\"vertical-align: inherit;\">Ebb\u0151l az id\u0151szakb\u00f3l sok dalt tal\u00e1lsz \u201evers \u00e9s k\u00f3rus-refr\u00e9n\u201d form\u00e1ban.<\/font><\/font><\/p>\n<p><font style=\"vertical-align: inherit;\"><font style=\"vertical-align: inherit;\">A \u201erefr\u00e9n\u201d \u00e9s a \u201ek\u00f3rus\u201d gyakran valamelyest v\u00e1lthat\u00f3 kifejez\u00e9sek. <\/font><font style=\"vertical-align: inherit;\">De azt javasolt\u00e1k, hogy a \u201erefr\u00e9n\u201d kiz\u00e1r\u00f3lag egy hasonl\u00f3 sz\u00f6veg \u00e9s dallam ism\u00e9tl\u0151d\u0151 sor\u00e1ra legyen haszn\u00e1lva, amelyek egy form\u00e1lis szakasz r\u00e9szei. <\/font><font style=\"vertical-align: inherit;\">Ez lehet egy A szakasz AABA form\u00e1ban vagy egy vers. <\/font><font style=\"vertical-align: inherit;\">M\u00e1sr\u00e9szt azonban a \u201ek\u00f3rus\u201d a forma egy k\u00fcl\u00f6n\u00e1ll\u00f3 r\u00e9sz\u00e9re utal.<\/font><\/font><\/p>\n<h5><span class=\"ez-toc-section\" id=\"Mi_a_korus-refren_szerepe_a_jazzben\"><\/span><span class=\"ez-toc-section\" id=\"What_is_the_choric-refrains_role_in_jazz\" ez-toc-data-id=\"#What_is_the_choric-refrains_role_in_jazz\"><\/span><strong><font style=\"vertical-align: inherit;\"><font style=\"vertical-align: inherit;\">Mi a k\u00f3rus-refr\u00e9n szerepe a jazzben?<\/font><\/font><\/strong><span class=\"ez-toc-section-end\"><\/span><span class=\"ez-toc-section-end\"><\/span><\/h5>\n<p><font style=\"vertical-align: inherit;\"><font style=\"vertical-align: inherit;\">Ha tanulm\u00e1nyozn\u00e1d a <\/font><\/font><a href=\"https:\/\/www.britannica.com\/art\/Tin-Pan-Alley-musical-history\"><font style=\"vertical-align: inherit;\"><font style=\"vertical-align: inherit;\">Tin-Pan Alley<\/font><\/font><\/a><font style=\"vertical-align: inherit;\"><font style=\"vertical-align: inherit;\"> dalokat, azt tal\u00e1ln\u00e1d, hogy sokan a 32 \u00fctemes form\u00e1t haszn\u00e1lj\u00e1k, ami l\u00e9tfontoss\u00e1g\u00fa a jazz m\u0171faj\u00e1ban. <\/font><font style=\"vertical-align: inherit;\">A dzsesszzene feldolgoz\u00e1saiban a \u201ek\u00f3rus\u201d ugyanazt a zenei egys\u00e9get jelenti, mint amit a B\u00e1dogos sik\u00e1tor hagyom\u00e1nyaiban tal\u00e1lunk.<\/font><\/font><\/p>\n<div class=\"wp-block-image\">\n<figure class=\"aligncenter size-large is-resized\">            <img data-expand=\"600\" decoding=\"async\" src=\"http:\/\/funk45.com\/wp-content\/uploads\/2020\/02\/jazz-199547_640.jpg\" data-src=\"http:\/\/funk45.com\/wp-content\/uploads\/2020\/02\/jazz-199547_640.jpg\" alt=\"k\u00f3rus-refr\u00e9n j\u00e1tsz\u00f3 jazz zen\u00e9szek\" class=\"wp-image-5975 lazyloaded td-animation-stack-type0-2\" width=\"400\" data-srcset=\"http:\/\/funk45.com\/wp-content\/uploads\/2020\/02\/jazz-199547_640.jpg 640w, http:\/\/funk45.com\/wp-content\/uploads\/2020\/02\/jazz-199547_640-300x200.jpg 300w, http:\/\/funk45.com\/wp-content\/uploads\/2020\/02\/jazz-199547_640-631x420.jpg 631w, http:\/\/funk45.com\/wp-content\/uploads\/2020\/02\/jazz-199547_640-180x120.jpg 180w, http:\/\/funk45.com\/wp-content\/uploads\/2020\/02\/jazz-199547_640-313x208.jpg 313w\" data-sizes=\"(max-width: 640px) 100vw, 640px\" sizes=\"(max-width: 640px) 100vw, 640px\" srcset=\"http:\/\/funk45.com\/wp-content\/uploads\/2020\/02\/jazz-199547_640.jpg 640w, http:\/\/funk45.com\/wp-content\/uploads\/2020\/02\/jazz-199547_640-300x200.jpg 300w, http:\/\/funk45.com\/wp-content\/uploads\/2020\/02\/jazz-199547_640-631x420.jpg 631w, http:\/\/funk45.com\/wp-content\/uploads\/2020\/02\/jazz-199547_640-180x120.jpg 180w, http:\/\/funk45.com\/wp-content\/uploads\/2020\/02\/jazz-199547_640-313x208.jpg 313w\">           <\/figure>\n<\/p><\/div>\n<p><font style=\"vertical-align: inherit;\"><font style=\"vertical-align: inherit;\">Azonban az egyetlen k\u00fcl\u00f6nbs\u00e9g a jazz \u00e9s a Tin Pan Alley k\u00f6z\u00f6tt az, hogy az el\u0151bbinek lehet egy dala, amely t\u00f6bb refr\u00e9nekb\u0151l \u00e1llhat.<\/font><\/font><\/p>\n<p><font style=\"vertical-align: inherit;\"><font style=\"vertical-align: inherit;\">A tisztelt zen\u00e9szek, Von Appen \u00e9s Frie-Hauenschild szerint egy \u201ek\u00f3rus\u201d a 32 \u00fctemb\u0151l egy ism\u00e9tl\u00e9st is jelenthet AABA form\u00e1ban. <\/font><font style=\"vertical-align: inherit;\">\u00c9s ez k\u00fcl\u00f6n\u00f6sen a jazz zen\u00e9szeket \u00e9rinti, hiszen sok ilyen k\u00f3rusism\u00e9tl\u00e9sen kell improviz\u00e1lniuk.<\/font><\/font><\/p>\n<h5><span class=\"ez-toc-section\" id=\"Mi_az_a_hangszerelo_korus\"><\/span><span class=\"ez-toc-section\" id=\"What_is_an_Arrangers_Chorus\" ez-toc-data-id=\"#What_is_an_Arrangers_Chorus\"><\/span><strong><font style=\"vertical-align: inherit;\"><font style=\"vertical-align: inherit;\">Mi az a hangszerel\u0151 k\u00f3rus?<\/font><\/font><\/strong><span class=\"ez-toc-section-end\"><\/span><span class=\"ez-toc-section-end\"><\/span><\/h5>\n<p><font style=\"vertical-align: inherit;\"><font style=\"vertical-align: inherit;\">Az Arranger&#8217;s Chorus a jazz hagyom\u00e1nyai szerint az a hely, ahol a zeneszerz\u0151 vagy \u201ehangszerel\u0151\u201d k\u00fcl\u00f6n\u00f6sen kidolgozott vagy \u00f6sszetett technik\u00e1kat alkalmaz, hogy megmutassa tud\u00e1s\u00e1t. <\/font><font style=\"vertical-align: inherit;\">Ez mag\u00e1ban foglalhatja az \u201e\u00fajraharmoniz\u00e1ci\u00f3\u201d, \u201et\u00f3nus-sz\u00edn\u201d, \u201eellenpont\u201d vagy b\u00e1rmely m\u00e1s hangszerel\u00e9sben haszn\u00e1lt eszk\u00f6z haszn\u00e1lat\u00e1t. <\/font><font style=\"vertical-align: inherit;\">A hangszerel\u0151 k\u00f3rusa azonban \u00e1ltal\u00e1ban nem az el\u0151ad\u00e1s kezd\u0151, de m\u00e9g csak nem is z\u00e1r\u00f3 k\u00f3rusa.<\/font><\/font><\/p>\n<div class=\"wp-block-image\">\n<figure class=\"aligncenter size-large is-resized\">            <img data-expand=\"600\" decoding=\"async\" src=\"http:\/\/funk45.com\/wp-content\/uploads\/2020\/02\/piano-1655558_640.jpg\" data-src=\"http:\/\/funk45.com\/wp-content\/uploads\/2020\/02\/piano-1655558_640.jpg\" alt=\"Hangszerel\u0151 k\u00f3rus kotta\" class=\"wp-image-5976 lazyloaded td-animation-stack-type0-2\" width=\"400\" data-srcset=\"http:\/\/funk45.com\/wp-content\/uploads\/2020\/02\/piano-1655558_640.jpg 640w, http:\/\/funk45.com\/wp-content\/uploads\/2020\/02\/piano-1655558_640-300x200.jpg 300w, http:\/\/funk45.com\/wp-content\/uploads\/2020\/02\/piano-1655558_640-631x420.jpg 631w, http:\/\/funk45.com\/wp-content\/uploads\/2020\/02\/piano-1655558_640-180x120.jpg 180w, http:\/\/funk45.com\/wp-content\/uploads\/2020\/02\/piano-1655558_640-313x208.jpg 313w\" data-sizes=\"(max-width: 640px) 100vw, 640px\" sizes=\"(max-width: 640px) 100vw, 640px\" srcset=\"http:\/\/funk45.com\/wp-content\/uploads\/2020\/02\/piano-1655558_640.jpg 640w, http:\/\/funk45.com\/wp-content\/uploads\/2020\/02\/piano-1655558_640-300x200.jpg 300w, http:\/\/funk45.com\/wp-content\/uploads\/2020\/02\/piano-1655558_640-631x420.jpg 631w, http:\/\/funk45.com\/wp-content\/uploads\/2020\/02\/piano-1655558_640-180x120.jpg 180w, http:\/\/funk45.com\/wp-content\/uploads\/2020\/02\/piano-1655558_640-313x208.jpg 313w\">           <\/figure>\n<\/p><\/div>\n<h5><span class=\"ez-toc-section\" id=\"Mi_az_a_Shout_Chorus\"><\/span><span class=\"ez-toc-section\" id=\"Whats_a_Shout_Chorus\" ez-toc-data-id=\"#Whats_a_Shout_Chorus\"><\/span><strong><font style=\"vertical-align: inherit;\"><font style=\"vertical-align: inherit;\">Mi az a Shout Chorus?<\/font><\/font><\/strong><span class=\"ez-toc-section-end\"><\/span><span class=\"ez-toc-section-end\"><\/span><\/h5>\n<p><font style=\"vertical-align: inherit;\"><font style=\"vertical-align: inherit;\">A <\/font><\/font><a href=\"https:\/\/en.wikipedia.org\/wiki\/Refrain\"><font style=\"vertical-align: inherit;\"><font style=\"vertical-align: inherit;\">Shout Chorus<\/font><\/font><\/a><font style=\"vertical-align: inherit;\"><font style=\"vertical-align: inherit;\"> , amelyet \u201eout chorusk\u00e9nt\u201d is emlegetnek, \u00e1ltal\u00e1ban egy nagyobb zenekar hangszerel\u00e9s\u00e9nek utols\u00f3 refr\u00e9nje. <\/font><font style=\"vertical-align: inherit;\">Els\u0151sorban a lend\u00fcletes \u00e9s lend\u00fcletes el\u0151ad\u00e1s jellemzi, amely zenei crescendo-ba vagy cs\u00facspontba torkollik.<\/font><\/font><\/p>\n<p><font style=\"vertical-align: inherit;\"><font style=\"vertical-align: inherit;\">A shout refr\u00e9n extr\u00e9m tartom\u00e1nyokat \u00e9s hangos dinamik\u00e1t tartalmaz, valamint a megl\u00e9v\u0151 \u201edallamos mot\u00edvumok\u201d \u00e1trendez\u00e9s\u00e9t r\u00f6vid, hangs\u00falyos riffekk\u00e9. <\/font><font style=\"vertical-align: inherit;\">Ezenk\u00edv\u00fcl ezek a k\u00f3rusok gyakran tartalmaznak \u201etutti\u201d-t, amely a sz\u00f3lista helyett az eg\u00e9sz zenekart, vagy \u201ekoncert\u00e1lt \u00edr\u00e1st\u201d jelent.<\/font><\/font><\/p>\n<p><font style=\"vertical-align: inherit;\"><font style=\"vertical-align: inherit;\">De haszn\u00e1lhat \u201ekontrapontos\u201d \u00edr\u00e1st vagy \u201eh\u00edv\u00e1st \u00e9s v\u00e1laszt\u201d is, amelyet a szaxofon \u00e9s a r\u00e9zf\u00fav\u00f3sok k\u00f6z\u00f6tt koordin\u00e1lnak. <\/font><font style=\"vertical-align: inherit;\">Megt\u00f6rt\u00e9nhet a dobos \u00e9s az egy\u00fcttes k\u00f6z\u00f6tt is.<\/font><\/font><\/p>\n<p><font style=\"vertical-align: inherit;\"><font style=\"vertical-align: inherit;\">S\u0151t, az ilyen el\u0151ad\u00e1sokban a r\u00e9zf\u00fav\u00f3sok gyakran alkalmaznak kiterjesztett form\u00e1kat \u00e9s technik\u00e1kat, amelyek magukban foglalj\u00e1k a fordul\u00e1sokat, a cselekm\u00e9nyeket, a r\u00e1z\u00e1sokat vagy az es\u00e9seket, hogy izgalmat adjon.<\/font><\/font><\/p>\n<p><strong><font style=\"vertical-align: inherit;\"><font style=\"vertical-align: inherit;\">\u00d6sszefoglalva<\/font><\/font><\/strong><\/p>\n<p><font style=\"vertical-align: inherit;\"><font style=\"vertical-align: inherit;\">Ahhoz, hogy a harm\u00f3nia t\u00f6red\u00e9k\u00e9t is megkompon\u00e1lja, a zeneszerz\u0151nek csak egymilli\u00f3 k\u00fcl\u00f6nb\u00f6z\u0151 t\u00e9nyez\u0151t kell megtanulnia. <\/font><font style=\"vertical-align: inherit;\">\u00c9s eltarthat egy ideig, ha mindent megtanulunk az olyan l\u00e9nyeges dolgokr\u00f3l, mint a \u201erefr\u00e9n\u201d \u00e9s annak kapcsolata a \u201ek\u00f3russal\u201d, vagy a harm\u00f3nia m\u00e1s r\u00e9szeivel.<\/font><\/font><\/p>\n<p><font style=\"vertical-align: inherit;\"><font style=\"vertical-align: inherit;\">Mag\u00e1t\u00f3l \u00e9rtet\u0151dik, hogy az alapok helyes ismerete az els\u0151 l\u00e9p\u00e9s a sikerhez. <\/font><font style=\"vertical-align: inherit;\">\u00c9s ebben pr\u00f3b\u00e1ltunk seg\u00edteni \u00d6nnek ezen az \u00fatmutat\u00f3n kereszt\u00fcl.<\/font><\/font><\/p>\n<p><font style=\"vertical-align: inherit;\"><font style=\"vertical-align: inherit;\">Rem\u00e9lj\u00fck, hogy hasznosnak tal\u00e1lta, \u00e9s tetszett, amit olvasott.<\/font><\/font><\/p>\n<p><font style=\"vertical-align: inherit;\"><font style=\"vertical-align: inherit;\">A k\u00f6vetkez\u0151 alkalomig!<\/font><\/font><\/p>\n<\/p><\/div>\n","protected":false},"excerpt":{"rendered":"<p>Tartalomjegyz\u00e9k How do we define a \u201crefrain\u201d in music? What is a Chorus? What is the difference between a refrain and a chorus? How does the refrain work in popular music genres? What is the choric-refrain\u2019s role in jazz? What is an Arranger\u2019s Chorus? What\u2019s a Shout Chorus? Amikor zen\u00e9t tanulsz, mag\u00e1t\u00f3l \u00e9rtet\u0151d\u0151, hogy sz\u00e1mtalan [&hellip;]<\/p>\n","protected":false},"author":1,"featured_media":6785,"comment_status":"closed","ping_status":"open","sticky":false,"template":"","format":"standard","meta":{"footnotes":""},"categories":[1164],"tags":[],"reaction":[],"yst_prominent_words":[],"class_list":{"0":"post-7960","1":"post","2":"type-post","3":"status-publish","4":"format-standard","5":"has-post-thumbnail","7":"category-tortenelem"},"wps_subtitle":"","amp_enabled":true,"post_mailing_queue_ids":[],"_links":{"self":[{"href":"https:\/\/funk45.com\/hu\/wp-json\/wp\/v2\/posts\/7960"}],"collection":[{"href":"https:\/\/funk45.com\/hu\/wp-json\/wp\/v2\/posts"}],"about":[{"href":"https:\/\/funk45.com\/hu\/wp-json\/wp\/v2\/types\/post"}],"author":[{"embeddable":true,"href":"https:\/\/funk45.com\/hu\/wp-json\/wp\/v2\/users\/1"}],"replies":[{"embeddable":true,"href":"https:\/\/funk45.com\/hu\/wp-json\/wp\/v2\/comments?post=7960"}],"version-history":[{"count":0,"href":"https:\/\/funk45.com\/hu\/wp-json\/wp\/v2\/posts\/7960\/revisions"}],"wp:featuredmedia":[{"embeddable":true,"href":"https:\/\/funk45.com\/hu\/wp-json\/wp\/v2\/media\/6785"}],"wp:attachment":[{"href":"https:\/\/funk45.com\/hu\/wp-json\/wp\/v2\/media?parent=7960"}],"wp:term":[{"taxonomy":"category","embeddable":true,"href":"https:\/\/funk45.com\/hu\/wp-json\/wp\/v2\/categories?post=7960"},{"taxonomy":"post_tag","embeddable":true,"href":"https:\/\/funk45.com\/hu\/wp-json\/wp\/v2\/tags?post=7960"},{"taxonomy":"reaction","embeddable":true,"href":"https:\/\/funk45.com\/hu\/wp-json\/wp\/v2\/reaction?post=7960"},{"taxonomy":"yst_prominent_words","embeddable":true,"href":"https:\/\/funk45.com\/hu\/wp-json\/wp\/v2\/yst_prominent_words?post=7960"}],"curies":[{"name":"wp","href":"https:\/\/api.w.org\/{rel}","templated":true}]}}